{"id":688,"date":"2014-02-04T16:44:20","date_gmt":"2014-02-04T16:44:20","guid":{"rendered":"https:\/\/www.essr.net\/desenhonasoares\/?p=688"},"modified":"2014-02-04T16:44:20","modified_gmt":"2014-02-04T16:44:20","slug":"httpretratorepresentacao-wix-comgirr","status":"publish","type":"post","link":"https:\/\/easr.pt\/desenhonasoares\/?p=688","title":{"rendered":"http:\/\/retratorepresentacao.wix.com\/girr"},"content":{"rendered":"<p>GRUPO DE INVESTIGA\u00c7\u00c3O EM RETRATO E REPRESENTA\u00c7\u00c3O (GIRR) tem por prop\u00f3sito desenvolver a reflex\u00e3o te\u00f3rica e cr\u00edtica sobre os conceitos e as pr\u00e1ticas retrat\u00edsticas no espa\u00e7o ocidental, confrontando-a com os pressupostos da atitude representativa ou pararrepresentativa, reflex\u00e3o academicamente ainda muito confinada \u00e0s escolas de belas-artes e ao ensino da hist\u00f3ria e da filosofia da arte, dando aten\u00e7\u00e3o \u00e0 produ\u00e7\u00e3o de retratos oriunda quer da chamada cultura erudita quer da chamada cultura popular e expressa em diferentes media, materiais e linguagens \u0096 sem aqui esquecermos a literatura e a longa tradi\u00e7\u00e3o do retrato po\u00e9tico \u0096, com \u00eanfase especial nas solu\u00e7\u00f5es continuamente inovadoras oferecidas pela contemporaneidade.<\/p>\n<p>A cria\u00e7\u00e3o da presente p\u00e1gina web, consagrada ao tema, vem preencher um prop\u00f3sito de investiga\u00e7\u00e3o e de divulga\u00e7\u00e3o em torno da teoria e da pr\u00e1tica retrat\u00edstica delineado pelo GIRR no \u00e2mbito da pesquisa enquadrada pelo Centro de Estudos Human\u00edsticos da Universidade do Minho (http:\/\/ceh.ilch.uminho.pt\/grupos_de_investigacao.php). Incluindo not\u00edcias, textos ensa\u00edsticos relevantes sobre ideias e pr\u00e1ticas retrat\u00edsticas (ou como tal entend\u00edveis) nacionais e internacionais, em qualquer linguagem ou suporte, bem como galerias de imagens e de retratos liter\u00e1rios, tematicamente organizadas, e informa\u00e7\u00e3o bibliogr\u00e1fica e webgr\u00e1fica,\u00a0 esta p\u00e1gina prop\u00f5e-se promover o interesse e o debate alargado, dentro e fora da comunidade acad\u00e9mica, sobre um dos gestos mais familiares e sistem\u00e1ticos do sujeito ocidental.<\/p>\n<p>&nbsp;<\/p>\n<p>&nbsp;<\/p>\n<p>&nbsp;<\/p>\n","protected":false},"excerpt":{"rendered":"<p>GRUPO DE INVESTIGA\u00c7\u00c3O EM RETRATO E REPRESENTA\u00c7\u00c3O (GIRR) tem por prop\u00f3sito desenvolver a reflex\u00e3o te\u00f3rica e cr\u00edtica sobre os conceitos e as pr\u00e1ticas retrat\u00edsticas no espa\u00e7o ocidental, confrontando-a com os pressupostos da atitude representativa ou [&hellip;]<\/p>\n","protected":false},"author":1,"featured_media":0,"comment_status":"open","ping_status":"open","sticky":false,"template":"","format":"standard","meta":{"footnotes":""},"categories":[4],"tags":[],"_links":{"self":[{"href":"https:\/\/easr.pt\/desenhonasoares\/index.php?rest_route=\/wp\/v2\/posts\/688"}],"collection":[{"href":"https:\/\/easr.pt\/desenhonasoares\/index.php?rest_route=\/wp\/v2\/posts"}],"about":[{"href":"https:\/\/easr.pt\/desenhonasoares\/index.php?rest_route=\/wp\/v2\/types\/post"}],"author":[{"embeddable":true,"href":"https:\/\/easr.pt\/desenhonasoares\/index.php?rest_route=\/wp\/v2\/users\/1"}],"replies":[{"embeddable":true,"href":"https:\/\/easr.pt\/desenhonasoares\/index.php?rest_route=%2Fwp%2Fv2%2Fcomments&post=688"}],"version-history":[{"count":1,"href":"https:\/\/easr.pt\/desenhonasoares\/index.php?rest_route=\/wp\/v2\/posts\/688\/revisions"}],"predecessor-version":[{"id":689,"href":"https:\/\/easr.pt\/desenhonasoares\/index.php?rest_route=\/wp\/v2\/posts\/688\/revisions\/689"}],"wp:attachment":[{"href":"https:\/\/easr.pt\/desenhonasoares\/index.php?rest_route=%2Fwp%2Fv2%2Fmedia&parent=688"}],"wp:term":[{"taxonomy":"category","embeddable":true,"href":"https:\/\/easr.pt\/desenhonasoares\/index.php?rest_route=%2Fwp%2Fv2%2Fcategories&post=688"},{"taxonomy":"post_tag","embeddable":true,"href":"https:\/\/easr.pt\/desenhonasoares\/index.php?rest_route=%2Fwp%2Fv2%2Ftags&post=688"}],"curies":[{"name":"wp","href":"https:\/\/api.w.org\/{rel}","templated":true}]}}