{"id":3597,"date":"2019-06-10T19:24:21","date_gmt":"2019-06-10T19:24:21","guid":{"rendered":"https:\/\/www.essr.net\/desenhonasoares\/?p=3597"},"modified":"2019-09-27T11:29:58","modified_gmt":"2019-09-27T10:29:58","slug":"iii-premio-orlando-falcao-2019-exposicao-na-casa-das-artes-porto","status":"publish","type":"post","link":"https:\/\/easr.pt\/desenhonasoares\/?p=3597","title":{"rendered":"III Pr\u00e9mio Orlando Falc\u00e3o 2019: exposi\u00e7\u00e3o na Casa das Artes, Porto"},"content":{"rendered":"<div>\u00a0III Pr\u00e9mio Orlando Falc\u00e3o 2019: exposi\u00e7\u00e3o na Casa das Artes, Porto<br \/>\nA exposi\u00e7\u00e3o dos trabalhos ficar\u00e1 patente de 2 a 17 de junho.<\/div>\n<div><\/div>\n<div><\/div>\n<div><\/div>\n<div>1\u00ba Pr\u00e9mio:<br \/>\nJo\u00e3o Coelho &#8220;Um desenho de fam\u00edlia&#8221;<\/div>\n<div><a href=\"https:\/\/www.essr.net\/desenhonasoares\/wp-content\/uploads\/2019\/06\/1_Um-desenho-de-fam\u00edlia.jpg\"><img loading=\"lazy\" decoding=\"async\" class=\"alignnone size-medium wp-image-3598\" src=\"https:\/\/www.essr.net\/desenhonasoares\/wp-content\/uploads\/2019\/06\/1_Um-desenho-de-fam\u00edlia-300x200.jpg\" alt=\"1_Um desenho de fam\u00edlia\" width=\"300\" height=\"200\" srcset=\"https:\/\/easr.pt\/desenhonasoares\/wp-content\/uploads\/2019\/06\/1_Um-desenho-de-fam\u00edlia-300x200.jpg 300w, https:\/\/easr.pt\/desenhonasoares\/wp-content\/uploads\/2019\/06\/1_Um-desenho-de-fam\u00edlia-1024x682.jpg 1024w, https:\/\/easr.pt\/desenhonasoares\/wp-content\/uploads\/2019\/06\/1_Um-desenho-de-fam\u00edlia.jpg 1206w\" sizes=\"(max-width: 300px) 100vw, 300px\" \/><\/a><\/div>\n<div><\/div>\n<div>Men\u00e7\u00f5es Honrosas:<\/div>\n<div>&#8211; Marta Ribeiro &#8220;6 Da Manh\u00e3&#8221;.<\/div>\n<div>&#8211; Maria Francisca Teles e Castro &#8220;O mundo em que vivemos&#8221;<\/div>\n<div>&#8211; Sofia Vilas Boas &#8221; Retrato de Fam\u00edlia&#8221;<\/div>\n<div><\/div>\n<div><\/div>\n<div><\/div>\n<div>Marta Ribeiro &#8220;6 Da Manh\u00e3&#8221;<\/div>\n<div><a href=\"https:\/\/www.essr.net\/desenhonasoares\/wp-content\/uploads\/2019\/06\/2_6-DA-MANH\u00c3.jpg\"><img loading=\"lazy\" decoding=\"async\" class=\"alignnone size-medium wp-image-3599\" src=\"https:\/\/www.essr.net\/desenhonasoares\/wp-content\/uploads\/2019\/06\/2_6-DA-MANH\u00c3-300x213.jpg\" alt=\"2_6 DA MANH\u00c3\" width=\"300\" height=\"213\" srcset=\"https:\/\/easr.pt\/desenhonasoares\/wp-content\/uploads\/2019\/06\/2_6-DA-MANH\u00c3-300x213.jpg 300w, https:\/\/easr.pt\/desenhonasoares\/wp-content\/uploads\/2019\/06\/2_6-DA-MANH\u00c3.jpg 697w\" sizes=\"(max-width: 300px) 100vw, 300px\" \/><\/a><\/div>\n<div><\/div>\n<div><a href=\"https:\/\/www.essr.net\/desenhonasoares\/wp-content\/uploads\/2019\/06\/2_6-DA-MANH\u00c3.jpg\"><br \/>\n<\/a>Maria Francisca Teles e Castro &#8220;O mundo em que vivemos&#8221;<br \/>\n<a href=\"https:\/\/www.essr.net\/desenhonasoares\/wp-content\/uploads\/2019\/06\/3_O-mundo-em-que-vivemos.jpg\"><img loading=\"lazy\" decoding=\"async\" class=\"alignnone size-medium wp-image-3600\" src=\"https:\/\/www.essr.net\/desenhonasoares\/wp-content\/uploads\/2019\/06\/3_O-mundo-em-que-vivemos-225x300.jpg\" alt=\"3_O mundo em que vivemos\" width=\"225\" height=\"300\" srcset=\"https:\/\/easr.pt\/desenhonasoares\/wp-content\/uploads\/2019\/06\/3_O-mundo-em-que-vivemos-225x300.jpg 225w, https:\/\/easr.pt\/desenhonasoares\/wp-content\/uploads\/2019\/06\/3_O-mundo-em-que-vivemos.jpg 472w\" sizes=\"(max-width: 225px) 100vw, 225px\" \/><\/a><\/div>\n<div><\/div>\n<div><\/div>\n<div><a href=\"https:\/\/www.essr.net\/desenhonasoares\/wp-content\/uploads\/2019\/06\/5_MARILYN-LISA.jpg\"><br \/>\n<\/a>Sofia Vilas Boas &#8220;Retrato de Fam\u00edlia&#8221;<br \/>\n<a href=\"https:\/\/www.essr.net\/desenhonasoares\/wp-content\/uploads\/2019\/06\/6_Retrato-de-fam\u00edlia-e1560194855486.jpg\"><img loading=\"lazy\" decoding=\"async\" class=\"alignnone size-medium wp-image-3603\" src=\"https:\/\/www.essr.net\/desenhonasoares\/wp-content\/uploads\/2019\/06\/6_Retrato-de-fam\u00edlia-e1560194855486-225x300.jpg\" alt=\"6_Retrato de fam\u00edlia\" width=\"225\" height=\"300\" srcset=\"https:\/\/easr.pt\/desenhonasoares\/wp-content\/uploads\/2019\/06\/6_Retrato-de-fam\u00edlia-e1560194855486-225x300.jpg 225w, https:\/\/easr.pt\/desenhonasoares\/wp-content\/uploads\/2019\/06\/6_Retrato-de-fam\u00edlia-e1560194855486-768x1024.jpg 768w\" sizes=\"(max-width: 225px) 100vw, 225px\" \/><\/a><\/p>\n<p><a href=\"https:\/\/www.essr.net\/desenhonasoares\/wp-content\/uploads\/2019\/06\/Exposi\u00e7\u00e3o-pr\u00e9mio-Orlando-Falc\u00e3o.jpg\"><img loading=\"lazy\" decoding=\"async\" class=\"alignnone size-medium wp-image-3770\" src=\"https:\/\/www.essr.net\/desenhonasoares\/wp-content\/uploads\/2019\/06\/Exposi\u00e7\u00e3o-pr\u00e9mio-Orlando-Falc\u00e3o-212x300.jpg\" alt=\"Exposi\u00e7\u00e3o pr\u00e9mio Orlando Falc\u00e3o\" width=\"212\" height=\"300\" srcset=\"https:\/\/easr.pt\/desenhonasoares\/wp-content\/uploads\/2019\/06\/Exposi\u00e7\u00e3o-pr\u00e9mio-Orlando-Falc\u00e3o-212x300.jpg 212w, https:\/\/easr.pt\/desenhonasoares\/wp-content\/uploads\/2019\/06\/Exposi\u00e7\u00e3o-pr\u00e9mio-Orlando-Falc\u00e3o-723x1024.jpg 723w, https:\/\/easr.pt\/desenhonasoares\/wp-content\/uploads\/2019\/06\/Exposi\u00e7\u00e3o-pr\u00e9mio-Orlando-Falc\u00e3o.jpg 1242w\" sizes=\"(max-width: 212px) 100vw, 212px\" \/><\/a> <a href=\"https:\/\/www.essr.net\/desenhonasoares\/wp-content\/uploads\/2019\/06\/IMG_1097.jpg\"><img loading=\"lazy\" decoding=\"async\" class=\"alignnone size-medium wp-image-3769\" src=\"https:\/\/www.essr.net\/desenhonasoares\/wp-content\/uploads\/2019\/06\/IMG_1097-300x225.jpg\" alt=\"IMG_1097\" width=\"300\" height=\"225\" srcset=\"https:\/\/easr.pt\/desenhonasoares\/wp-content\/uploads\/2019\/06\/IMG_1097-300x225.jpg 300w, https:\/\/easr.pt\/desenhonasoares\/wp-content\/uploads\/2019\/06\/IMG_1097-1024x768.jpg 1024w\" sizes=\"(max-width: 300px) 100vw, 300px\" \/><\/a> <a href=\"https:\/\/www.essr.net\/desenhonasoares\/wp-content\/uploads\/2019\/06\/IMG_1095.jpg\"><img loading=\"lazy\" decoding=\"async\" class=\"alignnone size-medium wp-image-3768\" src=\"https:\/\/www.essr.net\/desenhonasoares\/wp-content\/uploads\/2019\/06\/IMG_1095-300x225.jpg\" alt=\"IMG_1095\" width=\"300\" height=\"225\" srcset=\"https:\/\/easr.pt\/desenhonasoares\/wp-content\/uploads\/2019\/06\/IMG_1095-300x225.jpg 300w, https:\/\/easr.pt\/desenhonasoares\/wp-content\/uploads\/2019\/06\/IMG_1095-1024x768.jpg 1024w\" sizes=\"(max-width: 300px) 100vw, 300px\" \/><\/a> <a href=\"https:\/\/www.essr.net\/desenhonasoares\/wp-content\/uploads\/2019\/06\/IMG_1093.jpg\"><img loading=\"lazy\" decoding=\"async\" class=\"alignnone size-medium wp-image-3767\" src=\"https:\/\/www.essr.net\/desenhonasoares\/wp-content\/uploads\/2019\/06\/IMG_1093-300x225.jpg\" alt=\"IMG_1093\" width=\"300\" height=\"225\" srcset=\"https:\/\/easr.pt\/desenhonasoares\/wp-content\/uploads\/2019\/06\/IMG_1093-300x225.jpg 300w, https:\/\/easr.pt\/desenhonasoares\/wp-content\/uploads\/2019\/06\/IMG_1093-1024x768.jpg 1024w\" sizes=\"(max-width: 300px) 100vw, 300px\" \/><\/a> <a href=\"https:\/\/www.essr.net\/desenhonasoares\/wp-content\/uploads\/2019\/06\/IMG_1091.jpg\"><img loading=\"lazy\" decoding=\"async\" class=\"alignnone size-medium wp-image-3766\" src=\"https:\/\/www.essr.net\/desenhonasoares\/wp-content\/uploads\/2019\/06\/IMG_1091-300x225.jpg\" alt=\"IMG_1091\" width=\"300\" height=\"225\" srcset=\"https:\/\/easr.pt\/desenhonasoares\/wp-content\/uploads\/2019\/06\/IMG_1091-300x225.jpg 300w, https:\/\/easr.pt\/desenhonasoares\/wp-content\/uploads\/2019\/06\/IMG_1091-1024x768.jpg 1024w\" sizes=\"(max-width: 300px) 100vw, 300px\" \/><\/a> <a href=\"https:\/\/www.essr.net\/desenhonasoares\/wp-content\/uploads\/2019\/06\/IMG_1088-1-e1561926386422.jpg\"><img loading=\"lazy\" decoding=\"async\" class=\"alignnone size-medium wp-image-3765\" src=\"https:\/\/www.essr.net\/desenhonasoares\/wp-content\/uploads\/2019\/06\/IMG_1088-1-e1561926386422-225x300.jpg\" alt=\"IMG_1088-1\" width=\"225\" height=\"300\" srcset=\"https:\/\/easr.pt\/desenhonasoares\/wp-content\/uploads\/2019\/06\/IMG_1088-1-e1561926386422-225x300.jpg 225w, https:\/\/easr.pt\/desenhonasoares\/wp-content\/uploads\/2019\/06\/IMG_1088-1-e1561926386422-768x1024.jpg 768w\" sizes=\"(max-width: 225px) 100vw, 225px\" \/><\/a> <a href=\"https:\/\/www.essr.net\/desenhonasoares\/wp-content\/uploads\/2019\/06\/IMG_1087.jpg\"><img loading=\"lazy\" decoding=\"async\" class=\"alignnone size-medium wp-image-3764\" src=\"https:\/\/www.essr.net\/desenhonasoares\/wp-content\/uploads\/2019\/06\/IMG_1087-300x225.jpg\" alt=\"IMG_1087\" width=\"300\" height=\"225\" srcset=\"https:\/\/easr.pt\/desenhonasoares\/wp-content\/uploads\/2019\/06\/IMG_1087-300x225.jpg 300w, https:\/\/easr.pt\/desenhonasoares\/wp-content\/uploads\/2019\/06\/IMG_1087-1024x768.jpg 1024w\" sizes=\"(max-width: 300px) 100vw, 300px\" \/><\/a><\/p>\n<\/div>\n","protected":false},"excerpt":{"rendered":"<p>\u00a0III Pr\u00e9mio Orlando Falc\u00e3o 2019: exposi\u00e7\u00e3o na Casa das Artes, Porto A exposi\u00e7\u00e3o dos trabalhos ficar\u00e1 patente de 2 a 17 de junho. 1\u00ba Pr\u00e9mio: Jo\u00e3o Coelho &#8220;Um desenho de fam\u00edlia&#8221; Men\u00e7\u00f5es Honrosas: &#8211; Marta [&hellip;]<\/p>\n","protected":false},"author":1,"featured_media":0,"comment_status":"open","ping_status":"open","sticky":false,"template":"","format":"standard","meta":{"footnotes":""},"categories":[19,20,21,4,5,3],"tags":[],"_links":{"self":[{"href":"https:\/\/easr.pt\/desenhonasoares\/index.php?rest_route=\/wp\/v2\/posts\/3597"}],"collection":[{"href":"https:\/\/easr.pt\/desenhonasoares\/index.php?rest_route=\/wp\/v2\/posts"}],"about":[{"href":"https:\/\/easr.pt\/desenhonasoares\/index.php?rest_route=\/wp\/v2\/types\/post"}],"author":[{"embeddable":true,"href":"https:\/\/easr.pt\/desenhonasoares\/index.php?rest_route=\/wp\/v2\/users\/1"}],"replies":[{"embeddable":true,"href":"https:\/\/easr.pt\/desenhonasoares\/index.php?rest_route=%2Fwp%2Fv2%2Fcomments&post=3597"}],"version-history":[{"count":10,"href":"https:\/\/easr.pt\/desenhonasoares\/index.php?rest_route=\/wp\/v2\/posts\/3597\/revisions"}],"predecessor-version":[{"id":3774,"href":"https:\/\/easr.pt\/desenhonasoares\/index.php?rest_route=\/wp\/v2\/posts\/3597\/revisions\/3774"}],"wp:attachment":[{"href":"https:\/\/easr.pt\/desenhonasoares\/index.php?rest_route=%2Fwp%2Fv2%2Fmedia&parent=3597"}],"wp:term":[{"taxonomy":"category","embeddable":true,"href":"https:\/\/easr.pt\/desenhonasoares\/index.php?rest_route=%2Fwp%2Fv2%2Fcategories&post=3597"},{"taxonomy":"post_tag","embeddable":true,"href":"https:\/\/easr.pt\/desenhonasoares\/index.php?rest_route=%2Fwp%2Fv2%2Ftags&post=3597"}],"curies":[{"name":"wp","href":"https:\/\/api.w.org\/{rel}","templated":true}]}}