{"id":1717,"date":"2026-04-29T15:38:54","date_gmt":"2026-04-29T14:38:54","guid":{"rendered":"https:\/\/easr.pt\/biblio\/?p=1717"},"modified":"2026-04-29T15:38:54","modified_gmt":"2026-04-29T14:38:54","slug":"dia-mundial-da-danca","status":"publish","type":"post","link":"https:\/\/easr.pt\/biblio\/dia-mundial-da-danca\/","title":{"rendered":"Dia Mundial da Dan\u00e7a"},"content":{"rendered":"<p>Neste Dia Mundial da Dan\u00e7a, celebra-se o papel das bibliotecas escolares na valoriza\u00e7\u00e3o das artes como caminho para aprender, comunicar e imaginar.<\/p>\n","protected":false},"excerpt":{"rendered":"<p>Neste Dia Mundial da Dan\u00e7a, celebra-se o papel das bibliotecas  [&#8230;]<\/p>\n","protected":false},"author":3,"featured_media":1718,"comment_status":"closed","ping_status":"open","sticky":false,"template":"","format":"standard","meta":{"footnotes":""},"categories":[1],"tags":[],"class_list":["post-1717","post","type-post","status-publish","format-standard","has-post-thumbnail","hentry","category-uncategorised"],"_links":{"self":[{"href":"https:\/\/easr.pt\/biblio\/wp-json\/wp\/v2\/posts\/1717","targetHints":{"allow":["GET"]}}],"collection":[{"href":"https:\/\/easr.pt\/biblio\/wp-json\/wp\/v2\/posts"}],"about":[{"href":"https:\/\/easr.pt\/biblio\/wp-json\/wp\/v2\/types\/post"}],"author":[{"embeddable":true,"href":"https:\/\/easr.pt\/biblio\/wp-json\/wp\/v2\/users\/3"}],"replies":[{"embeddable":true,"href":"https:\/\/easr.pt\/biblio\/wp-json\/wp\/v2\/comments?post=1717"}],"version-history":[{"count":1,"href":"https:\/\/easr.pt\/biblio\/wp-json\/wp\/v2\/posts\/1717\/revisions"}],"predecessor-version":[{"id":1719,"href":"https:\/\/easr.pt\/biblio\/wp-json\/wp\/v2\/posts\/1717\/revisions\/1719"}],"wp:featuredmedia":[{"embeddable":true,"href":"https:\/\/easr.pt\/biblio\/wp-json\/wp\/v2\/media\/1718"}],"wp:attachment":[{"href":"https:\/\/easr.pt\/biblio\/wp-json\/wp\/v2\/media?parent=1717"}],"wp:term":[{"taxonomy":"category","embeddable":true,"href":"https:\/\/easr.pt\/biblio\/wp-json\/wp\/v2\/categories?post=1717"},{"taxonomy":"post_tag","embeddable":true,"href":"https:\/\/easr.pt\/biblio\/wp-json\/wp\/v2\/tags?post=1717"}],"curies":[{"name":"wp","href":"https:\/\/api.w.org\/{rel}","templated":true}]}}