{"id":1696,"date":"2026-04-26T11:02:25","date_gmt":"2026-04-26T10:02:25","guid":{"rendered":"https:\/\/easr.pt\/biblio\/?p=1696"},"modified":"2026-04-28T11:51:40","modified_gmt":"2026-04-28T10:51:40","slug":"2mario-de-sa-carneiro","status":"publish","type":"post","link":"https:\/\/easr.pt\/biblio\/2mario-de-sa-carneiro\/","title":{"rendered":"M\u00e1rio de S\u00e1-Carneiro"},"content":{"rendered":"<p>M\u00e1rio de S\u00e1-Carneiro morreu no dia 26 de abril de 1916, em Paris, semanas antes de completar 26 anos. Poeta do grupo da revista Orpheu, M\u00e1rio de S\u00e1-Carneiro viveu a grande revolu\u00e7\u00e3o art\u00edstica que foi o Modernismo. Nos seus poemas escritos num tom confessional, surge uma nova linguagem transformadora da literatura portuguesa.<\/p>\n","protected":false},"excerpt":{"rendered":"<p>M\u00e1rio de S\u00e1-Carneiro morreu no dia 26 de abril de  [&#8230;]<\/p>\n","protected":false},"author":3,"featured_media":1697,"comment_status":"closed","ping_status":"open","sticky":false,"template":"","format":"standard","meta":{"footnotes":""},"categories":[1],"tags":[],"class_list":["post-1696","post","type-post","status-publish","format-standard","has-post-thumbnail","hentry","category-uncategorised"],"_links":{"self":[{"href":"https:\/\/easr.pt\/biblio\/wp-json\/wp\/v2\/posts\/1696","targetHints":{"allow":["GET"]}}],"collection":[{"href":"https:\/\/easr.pt\/biblio\/wp-json\/wp\/v2\/posts"}],"about":[{"href":"https:\/\/easr.pt\/biblio\/wp-json\/wp\/v2\/types\/post"}],"author":[{"embeddable":true,"href":"https:\/\/easr.pt\/biblio\/wp-json\/wp\/v2\/users\/3"}],"replies":[{"embeddable":true,"href":"https:\/\/easr.pt\/biblio\/wp-json\/wp\/v2\/comments?post=1696"}],"version-history":[{"count":3,"href":"https:\/\/easr.pt\/biblio\/wp-json\/wp\/v2\/posts\/1696\/revisions"}],"predecessor-version":[{"id":1700,"href":"https:\/\/easr.pt\/biblio\/wp-json\/wp\/v2\/posts\/1696\/revisions\/1700"}],"wp:featuredmedia":[{"embeddable":true,"href":"https:\/\/easr.pt\/biblio\/wp-json\/wp\/v2\/media\/1697"}],"wp:attachment":[{"href":"https:\/\/easr.pt\/biblio\/wp-json\/wp\/v2\/media?parent=1696"}],"wp:term":[{"taxonomy":"category","embeddable":true,"href":"https:\/\/easr.pt\/biblio\/wp-json\/wp\/v2\/categories?post=1696"},{"taxonomy":"post_tag","embeddable":true,"href":"https:\/\/easr.pt\/biblio\/wp-json\/wp\/v2\/tags?post=1696"}],"curies":[{"name":"wp","href":"https:\/\/api.w.org\/{rel}","templated":true}]}}